{"id":2152,"date":"2024-11-04T14:14:15","date_gmt":"2024-11-04T11:14:15","guid":{"rendered":"http:\/\/cidst.recherches.gov.mg\/?p=2152"},"modified":"2024-11-04T14:29:22","modified_gmt":"2024-11-04T11:29:22","slug":"prix-ifla-de-la-bibliotheque-publique-2024","status":"publish","type":"post","link":"http:\/\/cidst.recherches.gov.mg\/?p=2152","title":{"rendered":"Prix IFLA de la biblioth\u00e8que publique 2024"},"content":{"rendered":"<p>Le prix \u00ab Biblioth\u00e8que publique de l\u2019ann\u00e9e \u00bb est attribu\u00e9 chaque ann\u00e9e \u00e0 une biblioth\u00e8que par l\u2019International Federation of Library Associations and Institutions (IFLA).<\/p>\n<hr \/>\n<hr \/>\n<p><a href=\"https:\/\/pro.bpi.fr\/prix-ifla-de-la-bibliotheque-publique-2024-appel-a-candidatures\/\" target=\"_blank\" rel=\"noopener\"><img decoding=\"async\" loading=\"lazy\" class=\"aligncenter wp-image-2154 \" title=\"Biblioth\u00e8que Deichman Bj\u00f8rvika, Oslo \u00a9 Bpi\" src=\"http:\/\/cidst.recherches.gov.mg\/wp-content\/uploads\/2024\/11\/bjorvika-photo4-125x937-1-1024x768-1-300x225.jpg\" alt=\"\" width=\"537\" height=\"403\" srcset=\"http:\/\/cidst.recherches.gov.mg\/wp-content\/uploads\/2024\/11\/bjorvika-photo4-125x937-1-1024x768-1-300x225.jpg 300w, http:\/\/cidst.recherches.gov.mg\/wp-content\/uploads\/2024\/11\/bjorvika-photo4-125x937-1-1024x768-1-768x576.jpg 768w, http:\/\/cidst.recherches.gov.mg\/wp-content\/uploads\/2024\/11\/bjorvika-photo4-125x937-1-1024x768-1.jpg 1024w\" sizes=\"(max-width: 537px) 100vw, 537px\" \/><\/a><\/p>\n<p><strong><em>Le prix \u00ab Biblioth\u00e8que publique de l\u2019ann\u00e9e \u00bb est d\u00e9cern\u00e9 par la F\u00e9d\u00e9ration internationale des associations et institutions de biblioth\u00e8ques (IFLA) dans le but de r\u00e9compenser les nouvelles biblioth\u00e8ques publiques. Baker &amp; Taylor est fier d\u2019\u00eatre le nouveau sponsor principal du prix.<\/em><\/strong><\/p>\n<p>Le prix est d\u00e9cern\u00e9 \u00e0 une biblioth\u00e8que, quelque part dans le monde, qui a le mieux r\u00e9ussi \u00e0 combiner une architecture ouverte et fonctionnelle avec des solutions informatiques durables et cr\u00e9atives et a inclus \u00e0 la fois les d\u00e9veloppements num\u00e9riques et la culture locale.<\/p>\n<p>Pour \u00eatre admissible au prix, la biblioth\u00e8que doit \u00eatre nouvellement construite, avoir ajout\u00e9 une extension importante ou \u00eatre situ\u00e9e dans un b\u00e2timent qui n&rsquo;a pas \u00e9t\u00e9 utilis\u00e9 auparavant comme biblioth\u00e8que.<\/p>\n<p>La c\u00e9r\u00e9monie de remise des prix aura lieu le lundi 7 octobre 2024 lors de la conf\u00e9rence de mi-mandat de l&rsquo;IFLA \u00ab Biblioth\u00e8que publique et d\u00e9mocratie \u00bb \u00e0 Barcelone, en Espagne. La conf\u00e9rence fait partie de la Rencontre internationale des biblioth\u00e8ques : \u00ab Culture, savoir et communaut\u00e9 \u00bb, qui se tiendra du 7 au 9 octobre 2024. Le laur\u00e9at du prix recevra 5 000 $.<\/p>\n<p><strong>Pour \u00eatre \u00e9ligible en 2024, la biblioth\u00e8que doit \u00eatre construite et ouverte entre le 1er janvier 2023 et le 31 d\u00e9cembre 2023<\/strong><\/p>\n<h2>Appel \u00e0 candidatures en cours<\/h2>\n<p>Vous pouvez postuler \u00e0 la bourse du\u00a0<strong>lundi 6 mai au vendredi 28 juin 2024.<\/strong><\/p>\n<p><a href=\"https:\/\/forms.gle\/TeMD6o6j6uPi1pYeA\" target=\"_blank\" rel=\"noopener\">Le formulaire de candidature<\/a>\u00a0\u00a0sera accessible jusqu&rsquo;au vendredi 28 juin 2024 \u00e0 09h00 (GMT+2). Merci de postuler avant cette date.<\/p>\n<p>Si vous avez des questions ou besoin d&rsquo;aide, veuillez contacter\u00a0<a href=\"mailto:ploty.award@gmail.com\" target=\"_blank\" rel=\"noopener\">ploty.award@gmail.com<\/a><\/p>\n<h3>Crit\u00e8res d&rsquo;\u00e9valuation<\/h3>\n<p>Les sept crit\u00e8res suivants constituent les \u00e9valuations effectu\u00e9es par le jury international :<\/p>\n<ol>\n<li><strong>Interaction avec l\u2019environnement et la culture locale :<\/strong>\u00a0notamment la mani\u00e8re dont l\u2019architecture refl\u00e8te \u2013 ou prend en compte \u2013 la culture locale de la communaut\u00e9. Comment elle offre une visibilit\u00e9 dans le paysage urbain et une interaction avec les b\u00e2timents et les espaces ouverts environnants. La biblioth\u00e8que sert-elle de moteur de connexions ou de mouvements dans le contexte local ? La biblioth\u00e8que peut-elle fonctionner comme un \u00ab salon \u00bb pour la communaut\u00e9, accessible \u00e0 tous.<\/li>\n<li><strong>Qualit\u00e9 architecturale :<\/strong>\u00a0Comprendre la mani\u00e8re dont chaque espace de la biblioth\u00e8que fonctionne en termes de fonctions et de logistique. Comment le concept architectural est-il mis en \u0153uvre et con\u00e7u \u00e0 diff\u00e9rentes \u00e9chelles au sein du b\u00e2timent ? Comment l&rsquo;architecture affecte-t-elle l&rsquo;exp\u00e9rience des utilisateurs de la biblioth\u00e8que ?<\/li>\n<li><strong>Flexibilit\u00e9 :<\/strong>\u00a0y compris la mani\u00e8re dont les espaces de la biblioth\u00e8que sont con\u00e7us et organis\u00e9s pour inspirer les activit\u00e9s des utilisateurs et soutenir de nouvelles activit\u00e9s et synergies entre les diff\u00e9rents espaces du b\u00e2timent. Les espaces de la biblioth\u00e8que peuvent-ils \u00eatre facilement modifi\u00e9s et utilis\u00e9s pour diverses fonctions et activit\u00e9s ? Par exemple, la biblioth\u00e8que comprend-elle des zones sp\u00e9ciales telles que des espaces de cr\u00e9ation pour des ateliers, une sc\u00e8ne ou des salles d&rsquo;\u00e9tude ? Comment sont-ils utilis\u00e9s ?<\/li>\n<li><strong>Durabilit\u00e9\u00a0<\/strong><strong>:<\/strong>\u00a0y compris la mani\u00e8re dont les principes de durabilit\u00e9 ont \u00e9t\u00e9 int\u00e9gr\u00e9s dans la conception et le fonctionnement de la biblioth\u00e8que, par exemple en r\u00e9duisant les quantit\u00e9s de ressources utilis\u00e9es, en utilisant des mat\u00e9riaux locaux dans le processus de construction, en utilisant des ressources \u00e9nerg\u00e9tiques renouvelables ou en minimisant les co\u00fbts op\u00e9rationnels permanents, etc.<\/li>\n<li><strong>Apprentissage et lien social :<\/strong>\u00a0notamment la mani\u00e8re dont la biblioth\u00e8que offre une diversit\u00e9 de parcours d&rsquo;\u00e9ducation et dont l&rsquo;int\u00e9rieur soutient le d\u00e9veloppement des besoins individuels, sociaux, culturels et \u00e9conomiques. Comment la biblioth\u00e8que s&rsquo;adresse-t-elle \u00e0 diff\u00e9rents groupes d\u00e9mographiques et groupes d&rsquo;\u00e2ge et encourage-t-elle diff\u00e9rents formats d&rsquo;apprentissage ou la co-cr\u00e9ation ? Comment les espaces d&rsquo;apprentissage de la biblioth\u00e8que interagissent-ils avec le reste du b\u00e2timent.<\/li>\n<li><strong>Num\u00e9risation et solutions techniques :<\/strong>\u00a0notamment la mani\u00e8re dont la communication num\u00e9rique et l&rsquo;accessibilit\u00e9 du contenu de la biblioth\u00e8que sont int\u00e9gr\u00e9es dans l&rsquo;espace de la biblioth\u00e8que, \u00e0 l&rsquo;aide de m\u00e9thodes incluant les technologies mobiles. Comment le design, l&rsquo;esth\u00e9tique et l&rsquo;interaction sont-ils utilis\u00e9s comme base pour cette num\u00e9risation ? La technologie a-t-elle \u00e9t\u00e9 utilis\u00e9e de mani\u00e8re innovante et cr\u00e9ative pour cr\u00e9er des exp\u00e9riences pour les utilisateurs de la biblioth\u00e8que au sein du b\u00e2timent ?<\/li>\n<li><strong>Comment la biblioth\u00e8que refl\u00e8te-t-elle les objectifs de d\u00e9veloppement durable (ODD) des Nations Unies et la strat\u00e9gie de l&rsquo;IFLA :<\/strong>\u00a0Veuillez ajouter les ODD sp\u00e9cifiques \u00e0 la r\u00e9f\u00e9rence, le cas \u00e9ch\u00e9ant.<\/li>\n<\/ol>\n<p>&nbsp;<\/p>\n<h3>Le jury<\/h3>\n<p>Le jury est compos\u00e9 des membres suivants :<\/p>\n<p><strong>Membres de la Section des biblioth\u00e8ques publiques (IFLA)<\/strong><\/p>\n<ul>\n<li>Raneetha Rajaratnam, directrice des programmes et des services, National Library Board, Singapour Sander van Kempen, conseiller principal, KB, Biblioth\u00e8que nationale des Pays-Bas, Pays-Bas<\/li>\n<li>Traci Lesneski, PDG et directrice de MSR, \u00c9tats-Unis<\/li>\n<\/ul>\n<p><strong>Membres de la Section des biblioth\u00e8ques m\u00e9tropolitaines (IFLA)<\/strong><\/p>\n<ul>\n<li>Flippie van der Walt, responsable de la biblioth\u00e8que de district de la ville du Cap, Afrique du Sud<\/li>\n<li>Mathilde Servet, Charg\u00e9e de mission services innovants \u2013 R\u00e9seau des biblioth\u00e8ques de Paris, France<\/li>\n<li>Siobhan Reardon, directrice g\u00e9n\u00e9rale de Riverfront Associates, LLC, \u00c9tats-Unis<\/li>\n<\/ul>\n<p><strong>Membres de la Section des b\u00e2timents et \u00e9quipements des biblioth\u00e8ques (IFLA)<\/strong><\/p>\n<ul>\n<li><strong>Pr\u00e9sident :<\/strong>\u00a0Jakob Guillois L\u00e6rkes, directeur de biblioth\u00e8que, biblioth\u00e8ques municipales de Gladsaxe, Danemark<\/li>\n<li>Margie Kirkness, responsable des biblioth\u00e8ques et du mus\u00e9e, conseil municipal de Shellharbour, Australie<\/li>\n<li>Santi Romero, Architecte, Barcelone, Espagne<\/li>\n<\/ul>\n<h3>Laur\u00e9ats des prix pr\u00e9c\u00e9dents<\/h3>\n<ul>\n<li>2023 :\u00a0<a href=\"https:\/\/ajuntament.barcelona.cat\/biblioteques\/en\/bibgarciamarquez\" target=\"_blank\" rel=\"noopener\">Biblioth\u00e8que Gabriel Garc\u00eda M\u00e1rquez, Espagne<\/a><\/li>\n<li>2022 :\u00a0<a href=\"https:\/\/www.missoulapubliclibrary.org\/home\/about\/missoulas-new-library\/\" target=\"_blank\" rel=\"noopener\">Biblioth\u00e8que publique de Missoula, \u00c9tats-Unis<\/a><\/li>\n<li>2021 :\u00a0<a href=\"https:\/\/deichman.no\/bibliotekene\/bj%C3%B8rvika\" target=\"_blank\" rel=\"noopener\">Deichman Bj\u00f8rvika, Norv\u00e8ge<\/a><\/li>\n<li>2019\u00a0:\u00a0<a href=\"https:\/\/oodihelsinki.fi\/en\/\" target=\"_blank\" rel=\"noopener\">Biblioth\u00e8que centrale d&rsquo;Oodi Helsinki, Finlande<\/a><\/li>\n<li>2018 :\u00a0<a href=\"https:\/\/www.kopgroepbibliotheken.nl\/school-7.html\" target=\"_blank\" rel=\"noopener\">KopGroep Bibliotheken (\u00c9cole 7), Pays-Bas<\/a><\/li>\n<li>2016 :\u00a0<a href=\"https:\/\/www.dokk1.dk\/\" target=\"_blank\" rel=\"noopener\">Dokk1, Danemark<\/a><\/li>\n<li>2015 :\u00a0<a href=\"https:\/\/beta.biblioteket.stockholm.se\/bibliotek\/kista-bibliotek\" target=\"_blank\" rel=\"noopener\">Biblioth\u00e8que publique de Kista, Su\u00e8de<\/a><\/li>\n<li>2014 :\u00a0<a href=\"https:\/\/www.humelibraries.vic.gov.au\/About-Us\/Locations-and-Opening-Hours\/Craigieburn-Library\" target=\"_blank\" rel=\"noopener\">Biblioth\u00e8que Craigieburn, Australie<\/a><\/li>\n<\/ul>\n<hr \/>\n<p>&nbsp;<\/p>\n","protected":false},"excerpt":{"rendered":"<p>Le prix \u00ab Biblioth\u00e8que publique de l\u2019ann\u00e9e \u00bb est attribu\u00e9 chaque ann\u00e9e \u00e0 une biblioth\u00e8que&#8230;<\/p>\n","protected":false},"author":1,"featured_media":2153,"comment_status":"closed","ping_status":"closed","sticky":false,"template":"","format":"standard","meta":[],"categories":[34,25,30,32,28,1,26],"tags":[],"_links":{"self":[{"href":"http:\/\/cidst.recherches.gov.mg\/index.php?rest_route=\/wp\/v2\/posts\/2152"}],"collection":[{"href":"http:\/\/cidst.recherches.gov.mg\/index.php?rest_route=\/wp\/v2\/posts"}],"about":[{"href":"http:\/\/cidst.recherches.gov.mg\/index.php?rest_route=\/wp\/v2\/types\/post"}],"author":[{"embeddable":true,"href":"http:\/\/cidst.recherches.gov.mg\/index.php?rest_route=\/wp\/v2\/users\/1"}],"replies":[{"embeddable":true,"href":"http:\/\/cidst.recherches.gov.mg\/index.php?rest_route=%2Fwp%2Fv2%2Fcomments&post=2152"}],"version-history":[{"count":4,"href":"http:\/\/cidst.recherches.gov.mg\/index.php?rest_route=\/wp\/v2\/posts\/2152\/revisions"}],"predecessor-version":[{"id":2158,"href":"http:\/\/cidst.recherches.gov.mg\/index.php?rest_route=\/wp\/v2\/posts\/2152\/revisions\/2158"}],"wp:featuredmedia":[{"embeddable":true,"href":"http:\/\/cidst.recherches.gov.mg\/index.php?rest_route=\/wp\/v2\/media\/2153"}],"wp:attachment":[{"href":"http:\/\/cidst.recherches.gov.mg\/index.php?rest_route=%2Fwp%2Fv2%2Fmedia&parent=2152"}],"wp:term":[{"taxonomy":"category","embeddable":true,"href":"http:\/\/cidst.recherches.gov.mg\/index.php?rest_route=%2Fwp%2Fv2%2Fcategories&post=2152"},{"taxonomy":"post_tag","embeddable":true,"href":"http:\/\/cidst.recherches.gov.mg\/index.php?rest_route=%2Fwp%2Fv2%2Ftags&post=2152"}],"curies":[{"name":"wp","href":"https:\/\/api.w.org\/{rel}","templated":true}]}}